[{"@context":"https:\/\/schema.org\/","@type":"Article","@id":"https:\/\/www.hekra.sk\/carodejnice-vraj-ziju-medzi-nami-aj-dnes\/#Article","mainEntityOfPage":"https:\/\/www.hekra.sk\/carodejnice-vraj-ziju-medzi-nami-aj-dnes\/","headline":"\u010carodejnice vraj \u017eij\u00fa medzi nami aj dnes","name":"\u010carodejnice vraj \u017eij\u00fa medzi nami aj dnes","description":"Dnes s\u00edce \u017eijeme v 21. storo\u010d\u00ed, no\u00a0neznamen\u00e1 to, \u017ee kv\u00f4li \u00fadajn\u00e9mu \u010darodejn\u00edctvu nezomieraj\u00fa \u013eudia. V\u00a0niektor\u00fdch oblastiach \u00c1zie a\u00a0Afriky e\u0161te aj dnes existuj\u00fa desiatky kraj\u00edn, v\u00a0ktor\u00fdch \u017eeny prenasleduj\u00fa a\u00a0vra\u017edia ako \u010darodejnice aj s\u00a0\u201epo\u017eehnan\u00edm\u201c vl\u00e1dy. V\u00a0mnoh\u00fdch krajin\u00e1ch je to v\u0161ak iba z\u00e1mienka na\u00a0odstr\u00e1nenie politick\u00fdch protivn\u00edkov. Ke\u0148a V\u00a0roku 2008 bolo v\u00a0Keni up\u00e1len\u00fdch 11\u013eud\u00ed, z\u00a0toho boli traja mu\u017ei a\u00a0osem [&hellip;]","datePublished":"2018-09-22","dateModified":"2023-04-28","author":{"@type":"Person","@id":"https:\/\/www.hekra.sk\/author\/#Person","name":"","url":"https:\/\/www.hekra.sk\/author\/","identifier":1,"image":{"@type":"ImageObject","@id":"https:\/\/secure.gravatar.com\/avatar\/4a71ad3e3da672fdab00dac6e0f7e744f8cb217202b101d0ffab0cf07645e95c?s=96&d=mm&r=g","url":"https:\/\/secure.gravatar.com\/avatar\/4a71ad3e3da672fdab00dac6e0f7e744f8cb217202b101d0ffab0cf07645e95c?s=96&d=mm&r=g","height":96,"width":96}},"publisher":{"@type":"Organization","name":"hekra.sk","logo":{"@type":"ImageObject","@id":"\/logo.png","url":"\/logo.png","width":600,"height":60}},"image":{"@type":"ImageObject","@id":"https:\/\/www.hekra.sk\/wp-content\/uploads\/img_a293655_w16617_t1542899721.jpg","url":"https:\/\/www.hekra.sk\/wp-content\/uploads\/img_a293655_w16617_t1542899721.jpg","height":0,"width":0},"url":"https:\/\/www.hekra.sk\/carodejnice-vraj-ziju-medzi-nami-aj-dnes\/","wordCount":460,"articleBody":"\tDnes s\u00edce \u017eijeme v 21. storo\u010d\u00ed, no\u00a0neznamen\u00e1 to, \u017ee kv\u00f4li \u00fadajn\u00e9mu \u010darodejn\u00edctvu nezomieraj\u00fa \u013eudia. V\u00a0niektor\u00fdch oblastiach \u00c1zie a\u00a0Afriky e\u0161te aj dnes existuj\u00fa desiatky kraj\u00edn, v\u00a0ktor\u00fdch \u017eeny prenasleduj\u00fa a\u00a0vra\u017edia ako \u010darodejnice aj s\u00a0\u201epo\u017eehnan\u00edm\u201c vl\u00e1dy. V\u00a0mnoh\u00fdch krajin\u00e1ch je to v\u0161ak iba z\u00e1mienka na\u00a0odstr\u00e1nenie politick\u00fdch protivn\u00edkov.\t\tKe\u0148a\tV\u00a0roku 2008 bolo v\u00a0Keni up\u00e1len\u00fdch 11\u013eud\u00ed, z\u00a0toho boli traja mu\u017ei a\u00a0osem \u017eien vo veku od 80 do 96 rokov. Ritu\u00e1lne ich up\u00e1lili na ulici a\u00a0potom e\u0161te podp\u00e1li aj ich domy. Z\u00e1mienkou na t\u00fato hr\u00f4zu bolo, \u017ee u\u00a0jednej z\u00a0obet\u00ed na\u0161li knihu so zoznamom \u013eud\u00ed, ktor\u00ed sa mal z\u00fa\u010dastni\u0165 na \u010darodejn\u00edckych stretnutiach.\tGambia\tPrezident Gambie vydal v\u00a0marci v\u00a0roku 2009 pr\u00edkaz na zavra\u017edenie viac ako tis\u00edcky Gambij\u010danov, ktor\u00ed boli odvle\u010den\u00ed \u0161t\u00e1tnych tajn\u00fdch centier. Tam im pod\u00e1vali ako n\u00e1poj halucinog\u00e9nnu l\u00e1tku nejasn\u00e9ho p\u00f4vodu, ktor\u00e1 potom v\u00a0\u010dloveku sp\u00f4sobila absol\u00fatny rozvrat organizmu. Amnesty International sa vyjadrilo, \u017ee takto vl\u00e1da testovala jedy, ktor\u00e9 boli nesk\u00f4r pou\u017eit\u00e9 pri vyvra\u017e\u010fovan\u00ed homosexu\u00e1lov v\u00a0Gambii.\tSaudsk\u00e1 Ar\u00e1bia\tT\u00e1to krajina s\u00edce patr\u00ed medzi najbohat\u0161ie na svete, ale medzi obyvate\u013emi st\u00e1le panuje strach z\u00a0\u010darodejn\u00edkov. V\u00a0krajine je \u010darodejn\u00edctvo uzn\u00e1van\u00e9 ako trestn\u00fd \u010din a obvini\u0165 m\u00f4\u017ee ktoko\u013evek hocikoho. Ak \u00farady po d\u00f4kladnom zis\u0165ovan\u00ed rozhodn\u00fa, \u017ee doty\u010dn\u00fd je vinn\u00fd, trestu smrti sa nevyhne. Obvinenie z\u00a0\u010darodejn\u00edctva sa tak stalo ob\u013e\u00fabenou z\u00e1mienkou, ak je nutn\u00e9 zbavi\u0165 sa niekoho nepohodln\u00e9ho.\t\tIndon\u00e9zia\tPo rezign\u00e1cia dikt\u00e1tora Suharta si \u013eud vyd\u00fdchol, ale pokoj netrval dlho. Pri\u0161la finan\u010dn\u00e1 kr\u00edza, nepokoje a s\u00a0t\u00fdm aj lov \u010darodejn\u00edc, ktor\u00fd si vy\u017eiadal takmer 400 obet\u00ed. V\u0161etko to bola oby\u010dajn\u00e1 likvid\u00e1cia nepohodln\u00fdch \u013eud\u00ed. V\u00a0krajine e\u0161te dlho trvala kr\u00edza a\u00a0\u013eudsk\u00fd \u017eivot vtedy nemal \u017eiadnu hodnotu.\tKamerun\tV\u00a0tejto krajine na\u0161\u0165astie lov \u010darodejn\u00edc nekon\u010d\u00ed smr\u0165ou, ale zaobch\u00e1zanie je ne\u013eudsk\u00e9. Panuje tam m\u00fdtus, \u017ee deti patria medzi najhor\u0161\u00edch \u010darodejn\u00edkov. Lovci ich nechaj\u00fa prejes\u0165 sa a n\u00e1sledne vyzvraca\u0165 nieko\u013ekor\u00e1t za sebou, aby ich o\u010distili od \u010darodejn\u00edckych schopnost\u00ed.\tTanz\u00e1nia\tIba v 21.storo\u010d\u00ed v\u00a0krajine zomrelo vy\u0161e 20 tis\u00edc \u013eud\u00ed, ktor\u00fdch obvinili z\u00a0\u010darodejn\u00edctva. Tanz\u00e1nia v\u00a0tomto patr\u00ed medzi najnebezpe\u010dnej\u0161ie krajiny sveta, tento masaker sa deje s\u00a0plnou podporou vl\u00e1dy, ale niektor\u00e9 vra\u017edy boli v\u00fdsledkom oby\u010dajnej davovej psych\u00f3zy&#8230;\t\u00a0                                                                                                                                                                                                                                                                                                                                                                                        3.7\/5 - (10 votes)        "},{"@context":"https:\/\/schema.org\/","@type":"BreadcrumbList","itemListElement":[{"@type":"ListItem","position":1,"name":"\u010carodejnice vraj \u017eij\u00fa medzi nami aj dnes","item":"https:\/\/www.hekra.sk\/carodejnice-vraj-ziju-medzi-nami-aj-dnes\/#breadcrumbitem"}]}]